{"id":6394,"date":"2025-10-24T11:00:26","date_gmt":"2025-10-24T09:00:26","guid":{"rendered":"https:\/\/www.snowell.com\/ski-tips\/wereldbeker-alpineskien-2025-2026\/"},"modified":"2026-03-26T09:51:15","modified_gmt":"2026-03-26T08:51:15","slug":"wereldbeker-alpineskien-2025-2026","status":"publish","type":"post","link":"https:\/\/nl.snowell.com\/ski-tips\/wereldbeker-alpineskien-2025-2026\/","title":{"rendered":"Wereldbeker alpineski\u00ebn 2025\/2026"},"content":{"rendered":"<div class=\"wpb-content-wrapper\"><p>[vc_row][vc_column width=&#8221;1\/1&#8243;][vc_column_text uncode_shortcode_id=&#8221;200108&#8243;]<\/p>\n<h2>FIS Wereldbeker Alpineski\u00ebn 2025\/2026 &#8211; data &amp; locaties<\/h2>\n<p>De Wereldbeker Alpineski\u00ebn begint met de reuzenslalom voor dames en heren op de Rettenbachgletsjer in S\u00f6lden op 25 en 26 oktober 2025 in het Olympische seizoen 2026. Daarom hebben we een overzicht samengesteld van de 85 wedstrijden op de kalender voor de Wereldbeker Alpineski\u00ebn 2025\/2026. Je vindt er ook nuttige links naar uitslagenlijsten, de standen in de individuele disciplines, in de algemene Wereldbeker, de teams, enz. Daarnaast staan er interessante en spectaculaire video\u2019s van de wedstrijden op ons Instagram-account.<\/p>\n<p><a href=\"#anker1\">Nieuws in de Wereldbeker winter 2025\/2026<\/a><\/p>\n<p><a href=\"#anker2\">Alpineski\u00ebn Mannen + Vrouwen | Data &amp; resultaten 2025\/2026<\/a><\/p>\n<p><a href=\"#anker3\">Algemene wereldbekerklassement + disciplines 2025\/2026<\/a><\/p>\n<p><a href=\"#anker4\">Ploeg en atleten 2025\/2026<\/a>[\/vc_column_text][\/vc_column][\/vc_row][vc_row][vc_column width=&#8221;1\/1&#8243;][vc_column_text uncode_shortcode_id=&#8221;436555&#8243;]<\/p>\n<h3>Nieuws over de wereldbekerwinter 2025\/2026<\/h3>\n<p><\/p>\n<h4>FIS Ski World Cup 2025\/26 \u2013 Alles over het 60e jubileumseizoen<\/h4>\n<p>Het seizoen 2025\/26 van de FIS Alpine Ski World Cup markeert een heel bijzonder jubileum: voor de 60e keer nemen de beste ski\u00ebrs ter wereld het tegen elkaar op. Van oktober 2025 tot maart 2026 strijden ze in 75 individuele races (38 heren, 37 dames) om kristallen ballen, FIS-punten en prestige \u2013 met als hoogtepunt: de 25e Olympische Winterspelen in Milaan-Cortina in 2026.<\/p>\n<h4>De start in S\u00f6lden in het \u00d6tztal en een spectaculaire finale in Lillehammer<\/h4>\n<p>Traditioneel begint de wereldbeker met de reuzenslaloms in <a href=\"https:\/\/nl.snowell.com\/skiverhuur\/oostenrijk\/tirol\/oetztal\/soelden\/\" target=\"_blank\" rel=\"noopener\">S\u00f6lden<\/a> (25-26 oktober). Daarna gaat het verder naar de VS, waar Copper Mountain na een pauze van meer dan 20 jaar weer terugkeert op de wedstrijdkalender. De Europese klassiekers volgen in december met haltes in <a href=\"https:\/\/nl.snowell.com\/skiverhuur\/italie\/zuid-tirol-trentino\/groeden-val-gardena\/wolkenstein-selva-gardena\/\" target=\"_blank\" rel=\"noopener\">Val Gardena<\/a>, Val d&#8217;Is\u00e8re, Adelboden, <a href=\"https:\/\/nl.snowell.com\/skiverhuur\/zwitserland\/bern\/berner-oberland\/wengen\/\" target=\"_blank\" rel=\"noopener\">Wengen<\/a>, <a href=\"https:\/\/nl.snowell.com\/skiverhuur\/oostenrijk\/tirol\/kitzbuehel-the-legend\/kitzbuehel\/\" target=\"_blank\" rel=\"noopener\">Kitzb\u00fchel<\/a> en <a href=\"https:\/\/nl.snowell.com\/skiverhuur\/oostenrijk\/stiermarken\/schladming-dachstein\/schladming\/\" target=\"_blank\" rel=\"noopener\">Schladming<\/a>. Tarvisio (Itali\u00eb) viert in januari een bijzonder debuut als locatie van de Junioren-WK 2025.<\/p>\n<p>Na een Olympische pauze van 6 tot 22 februari (5 herenwedstrijden in <a href=\"https:\/\/nl.snowell.com\/skiverhuur\/italie\/lombardije-lombardia\/sondrio\/bormio\/\" target=\"_blank\" rel=\"noopener\">Bormio<\/a>, 5 dameswedstrijden in <a href=\"https:\/\/nl.snowell.com\/skiverhuur\/italie\/venetie-veneto\/belluno\/cortina-d-ampezzo\/\" target=\"_blank\" rel=\"noopener\">Cortina d&#8217;Ampezzo<\/a>) gaat het verder met snelheidswedstrijden in <a href=\"https:\/\/nl.snowell.com\/skiverhuur\/duitsland\/beieren\/regio-zugspitze\/garmisch-partenkirchen\/\" target=\"_blank\" rel=\"noopener\">Garmisch-Partenkirchen<\/a>. De grote wereldbekerfinale vindt plaats van 19 tot 25 maart in Lillehammer (Noorwegen) \u2013 op de legendarische pistes van de Spelen van 1994.<\/p>\n<h4>Heren: kan iemand Marco Odermatt stoppen?<\/h4>\n<p>Marco Odermatt is ook in 2025\/26 de maatstaf voor alles. De Zwitser domineerde onlangs het klassement van de afdaling, super-G en reuzenslalom en jaagt nu op zijn vijfde opeenvolgende wereldbeker-titel \u2013 een record dat hem direct achter Marcel Hirscher (8 titels) zou plaatsen.<\/p>\n<p>Zijn grootste uitdagers zijn Henrik Kristoffersen (winnaar van de slalom en tweede in het algemeen klassement), Lo\u00efc Meillard, die in beide technische disciplines op het podium stond, en Franjo von Allmen, de regerend wereldkampioen afdaling. Ook Vincent Kriechmayr en Jack Crawford willen meedoen in de snelheidsdisciplines.<\/p>\n<p>Lucas Pinheiro Braathen, die na zijn historische podiumplaats voor Brazili\u00eb voor het eerst mee wil strijden om de algemene wereldbeker. De voormalige wereldbeker-dominator Marcel Hirscher werkt hard aan zijn comeback na een blessure \u2013 dit keer onder Nederlandse vlag.<\/p>\n<h4>Dames: Shiffrin, Gut-Behrami en Vonn in de schijnwerpers<\/h4>\n<p>Bij de dames ontbreekt Federica Brignone helaas aan het begin van het seizoen vanwege een blessure, nadat ze in 2025 de algemene wereldbeker won. Haar afwezigheid biedt kansen voor Mikaela Shiffrin en Lara Gut-Behrami. Shiffrin, die met 101 wereldbekerzeges absoluut recordhoudster is, gaat voor haar zesde algemene wereldbeker en haar negende slalomkogel.<\/p>\n<p>Gut-Behrami wil haar carri\u00e8re bekronen met een derde algemene overwinning, terwijl Lindsey Vonn na haar succesvolle comeback op 40-jarige leeftijd opnieuw mikt op de Olympische Spelen.<\/p>\n<p>Bij de jonge generatie zorgt Zrinka Ljutic (Kroati\u00eb) als slalomkampioene voor een frisse wind, net als Camille Rast (Zwitserland), Alice Robinson (Nieuw-Zeeland) en Lara Colturi (Albani\u00eb), die als tiener al wereldbekerpodia bereikte.<\/p>\n<h4>Conclusie<\/h4>\n\n<h3 id=\"anker2\">FIS Wereldbeker Alpineski\u00ebn 2025\/2026 &#8211; data<\/h3>\n<p>Wanneer en waar worden de vrouwen- en mannenwedstrijden gehouden? Wanneer zijn de geplande starttijden zodat je er live bij kunt zijn. Hou je vingers gekruist wanneer de beste ski\u00ebrs ter wereld vechten voor honderdsten van een seconde. E\u00e9n ding is al zeker\u2026 spanning, actie en sensatie zijn weer gegarandeerd.[\/vc_column_text][vc_accordion][vc_accordion_tab gutter_size=&#8221;2&#8243; column_padding=&#8221;2&#8243; title=&#8221;Wereldbeker Alpineski\u00ebn 2025\/2026 | Mannen \ud83d\udcc5 data &#038; resultaten \ud83c\udfc6&#8221; tab_id=&#8221;1761159713-1-24&#8243;][vc_column_text uncode_shortcode_id=&#8221;735456&#8243;]<\/p>\n<h3>FIS Wereldbeker Alpineski\u00ebn | Mannen | 2025\/2026<\/h3>\n<p><\/p>\n<h4>Oktober 2025<\/h4>\n<p>26.10.2025 | S\u00f6lden (AUT) | Reuzenslalom | Start: 10:00 + 13:00 |\u00a0<a href=\"https:\/\/www.fis-ski.com\/DB\/general\/results.html?sectorcode=AL&amp;raceid=127332\" target=\"_blank\" rel=\"noopener\">resultaat<\/a>\u00a0@marcoodermatt<\/p>\n<h4>November 2025<\/h4>\n<p>16.11.2025 | Levi (FIN) | Slalom | Start: 10:00 + 13:00 |\u00a0<a href=\"https:\/\/www.fis-ski.com\/DB\/general\/results.html?sectorcode=AL&amp;raceid=127334\" target=\"_blank\" rel=\"noopener\">resultaat<\/a>\u00a0@pinheiiiroo<\/p>\n<p>22.11.2025 | <a href=\"https:\/\/nl.snowell.com\/skiverhuur\/oostenrijk\/tirol\/oetztal\/obergurgl\/\" target=\"_blank\" rel=\"noopener\">Gurgl<\/a> (AUT) | Slalom | Start: 10:30 + 13:30 |\u00a0<a href=\"https:\/\/www.fis-ski.com\/DB\/general\/results.html?sectorcode=AL&amp;raceid=127335\" target=\"_blank\" rel=\"noopener\">resultaat<\/a>\u00a0@pacorassat<\/p>\n<p>27.11.2025 | Copper Mountain (USA) | Super-G | Start: 18:00 |\u00a0<a href=\"https:\/\/www.fis-ski.com\/DB\/general\/results.html?sectorcode=AL&amp;raceid=127440\" target=\"_blank\" rel=\"noopener\">resultaat<\/a>\u00a0@marcoodermatt<\/p>\n<p>28.11.2025 | Copper Mountain (USA) | Reuzenslalom | Start: 18:00 + 21:00 |\u00a0<a href=\"https:\/\/www.fis-ski.com\/DB\/general\/results.html?sectorcode=AL&amp;raceid=127441\" target=\"_blank\" rel=\"noopener\">resultaat<\/a>\u00a0@stefan_brennsteiner<\/p>\n<h4>December 2025<\/h4>\n<p>04.12.2025 | Beaver Creek (USA) | Afdaling | Start: 19:00 |\u00a0<a href=\"https:\/\/www.fis-ski.com\/DB\/general\/results.html?sectorcode=AL&amp;raceid=127340\" target=\"_blank\" rel=\"noopener\">resultaat<\/a>\u00a0@marcoodermatt<\/p>\n<p>05.12.2025 | Beaver Creek (USA) | Super-G | Start: 19:00 |\u00a0<a href=\"https:\/\/www.fis-ski.com\/DB\/general\/results.html?sectorcode=AL&amp;raceid=127341\" target=\"_blank\" rel=\"noopener\">resultaat<\/a>\u00a0@vincent__kriechmayr<\/p>\n<p>07.12.2025 | Beaver Creek (USA) | Reuzenslalom | Start: 18:00 + 21:00 |\u00a0<a href=\"https:\/\/www.fis-ski.com\/DB\/general\/results.html?sectorcode=AL&amp;raceid=127342\" target=\"_blank\" rel=\"noopener\">resultaat<\/a>\u00a0@marcoodermatt<\/p>\n<p>13.12.2025 | <a href=\"https:\/\/nl.snowell.com\/skiverhuur\/frankrijk\/rhone-alpes\/savoie\/val-d-isere\/\" target=\"_blank\" rel=\"noopener\">Val d&#8217;Is\u00e8re<\/a> (FRA) | Reuzenslalom | Start: 09:30 + 13:00 |\u00a0<a href=\"https:\/\/www.fis-ski.com\/DB\/general\/results.html?sectorcode=AL&amp;raceid=127350\" target=\"_blank\" rel=\"noopener\">resultaat<\/a>\u00a0@loicmeillard<\/p>\n<p>14.12.2025 | Val d&#8217;Is\u00e8re (FRA) | Slalom | Start: 10:00 + 13:00 |\u00a0<a href=\"https:\/\/www.fis-ski.com\/DB\/general\/results.html?sectorcode=AL&amp;raceid=127351\" target=\"_blank\" rel=\"noopener\">resultaat<\/a>\u00a0@timonhaugan<\/p>\n<p>18.12.2025 |\u00a0<a href=\"https:\/\/www.snowell.com\/skiverleih\/italien\/trentino-suedtirol\/groeden-val-gardena\/st-christina-groedental\/\" target=\"_blank\" rel=\"noopener\">Gr\u00f6den<\/a> (ITA) | Afdaling| Start: 11:45 | <a href=\"https:\/\/www.fis-ski.com\/DB\/general\/results.html?sectorcode=AL&amp;raceid=127339\" target=\"_blank\" rel=\"noopener\">resultaat<\/a>\u00a0@marcoodermatt<\/p>\n<p>19.12.2025 | <a href=\"https:\/\/nl.snowell.com\/skiverhuur\/italie\/zuid-tirol-trentino\/groeden-val-gardena\/st-christina-groedental\/\" target=\"_blank\" rel=\"noopener\">Gr\u00f6den<\/a> (ITA) | Super-G | Start: 11:45 |\u00a0<a href=\"https:\/\/www.fis-ski.com\/DB\/general\/results.html?sectorcode=AL&amp;raceid=127357\" target=\"_blank\" rel=\"noopener\">resultaat<\/a>\u00a0@janzaby<\/p>\n<p>20.12.2025 | Gr\u00f6den (ITA) | Afdaling | Start: 11:45 |\u00a0<a href=\"https:\/\/www.fis-ski.com\/DB\/general\/results.html?sectorcode=AL&amp;raceid=127356\" target=\"_blank\" rel=\"noopener\">resultaat<\/a>\u00a0@franjo_v_allmen<\/p>\n<p>21.12.2025 | <a href=\"https:\/\/nl.snowell.com\/skiverhuur\/italie\/zuid-tirol-trentino\/alta-badia\/alta-badia-la-villa-stern\/\" target=\"_blank\" rel=\"noopener\">Alta Badia<\/a> (ITA) | Reuzenslalom | Start: 10:00 + 13:30 |\u00a0<a href=\"https:\/\/www.fis-ski.com\/DB\/general\/results.html?sectorcode=AL&amp;raceid=127362\" target=\"_blank\" rel=\"noopener\">resultaat<\/a>\u00a0@schwarz_marco<\/p>\n<p>22.12.2024 | <a href=\"https:\/\/nl.snowell.com\/skiverhuur\/italie\/zuid-tirol-trentino\/alta-badia\/alta-badia-san-cassiano-sankt-kassian\/\" target=\"_blank\" rel=\"noopener\">Alta Badia<\/a> (ITA) | Slalom | Start: 10:00 + 13:30 |\u00a0<a href=\"https:\/\/www.fis-ski.com\/DB\/general\/results.html?sectorcode=AL&amp;raceid=127363\" target=\"_blank\" rel=\"noopener\">resultaat<\/a>\u00a0@atleliemcgrath)<\/p>\n<p>27.12.2025 | <a href=\"https:\/\/nl.snowell.com\/skiverhuur\/italie\/lombardije-lombardia\/sondrio\/livigno\/\" target=\"_blank\" rel=\"noopener\">Livigno<\/a> (ITA) | Super-G | Start: 11:30 |\u00a0<a href=\"https:\/\/www.fis-ski.com\/DB\/general\/results.html?sectorcode=AL&amp;raceid=127364\" target=\"_blank\" rel=\"noopener\">resultaat<\/a>\u00a0@schwarz_marco<\/p>\n<h4>Januari 2026<\/h4>\n<p>07.01.2026 | <a href=\"https:\/\/nl.snowell.com\/skiverhuur\/italie\/zuid-tirol-trentino\/dolomiti-di-brenta\/madonna-di-campiglio\/\" target=\"_blank\" rel=\"noopener\">Madonna di Campiglio<\/a> (ITA) | Slalom | Start: 17:45 + 20:45 |\u00a0<a href=\"https:\/\/www.fis-ski.com\/DB\/general\/results.html?sectorcode=AL&amp;raceid=127369\" target=\"_blank\" rel=\"noopener\">resultaat<\/a>\u00a0@clement.noel<\/p>\n<p>10.01.2026 | Adelboden (SUI) | Reuzenslalom | Start: 10:30 + 13:30 |\u00a0<a href=\"https:\/\/www.fis-ski.com\/DB\/general\/results.html?sectorcode=AL&amp;raceid=127374\" target=\"_blank\" rel=\"noopener\">resultaat<\/a>\u00a0@marcoodermatt<\/p>\n<p>11.01.2026 | Adelboden (SUI) | Slalom | Start: 10:30 + 13:30 |\u00a0<a href=\"https:\/\/www.fis-ski.com\/DB\/general\/results.html?sectorcode=AL&amp;raceid=127375\" target=\"_blank\" rel=\"noopener\">resultaat<\/a>\u00a0@pacorassat<\/p>\n<p>16.01.2026 | Wengen (SUI) | Super-G | Start: 12:30 |\u00a0<a href=\"https:\/\/www.fis-ski.com\/DB\/general\/results.html?sectorcode=AL&amp;raceid=127380\" target=\"_blank\" rel=\"noopener\">resultaat<\/a>\u00a0@giofranzi<\/p>\n<p>17.01.2026 | Wengen (SUI) | Afdaling | Start: 12:30 |\u00a0<a href=\"https:\/\/www.fis-ski.com\/DB\/general\/results.html?sectorcode=AL&amp;raceid=127381\" target=\"_blank\" rel=\"noopener\">resultaat<\/a>\u00a0@marcoodermatt<\/p>\n<p>18.01.2026 | Wengen (SUI) | Slalom | Start: 10:00 + 13:00 |\u00a0<a href=\"https:\/\/www.fis-ski.com\/DB\/general\/results.html?sectorcode=AL&amp;raceid=127382\" target=\"_blank\" rel=\"noopener\">resultaat<\/a>\u00a0@atleliemcgrath<\/p>\n<p>23.01.2026 | Kitzb\u00fchel (AUT) | Super-G | Start: 11:30 |\u00a0<a href=\"https:\/\/www.fis-ski.com\/DB\/general\/results.html?sectorcode=AL&amp;raceid=127391\" target=\"_blank\" rel=\"noopener\">resultaat<\/a>\u00a0@marcoodermatt<\/p>\n<p>24.01.2026 | Kitzb\u00fchel (AUT) | Afdaling | Start: 11:30 |\u00a0<a href=\"https:\/\/www.fis-ski.com\/DB\/general\/results.html?sectorcode=AL&amp;raceid=127392\" target=\"_blank\" rel=\"noopener\">resultaat<\/a>\u00a0@giofranzi<\/p>\n<p>25.01.2026 | Kitzb\u00fchel (AUT) | Slalom | Start: 10:30 + 13:30 |\u00a0<a href=\"https:\/\/www.fis-ski.com\/DB\/general\/results.html?sectorcode=AL&amp;raceid=127393\" target=\"_blank\" rel=\"noopener\">resultaat<\/a>\u00a0@manuel.feller.official<\/p>\n<p>27.01.2026 | Schladming (AUT) | Reuzenslalom | Start: 17:45 + 20:45 |\u00a0<a href=\"https:\/\/www.fis-ski.com\/DB\/general\/results.html?sectorcode=AL&amp;raceid=127396\" target=\"_blank\" rel=\"noopener\">resultaat<\/a>\u00a0@loicmeillard<\/p>\n<p>28.01.2026 | Schladming (AUT) | Slalom | Start: 17:45 + 20:45 |\u00a0<a href=\"https:\/\/www.fis-ski.com\/DB\/general\/results.html?sectorcode=AL&amp;raceid=127397\" target=\"_blank\" rel=\"noopener\">resultaat<\/a>\u00a0@h_kristoffersen<\/p>\n<h4>Februari 2026<\/h4>\n<p>01.02.2026 | <a href=\"https:\/\/nl.snowell.com\/skiverhuur\/zwitserland\/wallis\/regio-wallis\/crans-montana\/\" target=\"_blank\" rel=\"noopener\">Crans-Montana<\/a> (SUI) | Afdaling | Start: 11:00 |\u00a0<a href=\"https:\/\/www.fis-ski.com\/DB\/general\/results.html?sectorcode=AL&amp;raceid=127404\" target=\"_blank\" rel=\"noopener\">resultaat<\/a>\u00a0@franjo_v_allmen<\/p>\n<h4>Olympische Spelen 2026 | Milaan &amp; Cortina d&#8217;Ampezzo (ITA)<\/h4>\n<p>07.02.2026 | Bormio (ITA) | Afdaling | Start: 11:30 |\u00a0<a href=\"https:\/\/www.fis-ski.com\/DB\/general\/results.html?sectorcode=AL&amp;raceid=127541\" target=\"_blank\" rel=\"noopener\">resultaat<\/a>\u00a0@franjo_v_allmen \ud83e\udd47<\/p>\n<p>09.02.2026 | Bormio (ITA) | Team Kombi | Start: 10:30 + 14:00 |\u00a0<a href=\"https:\/\/www.fis-ski.com\/DB\/general\/results.html?sectorcode=AL&amp;raceid=127542\" target=\"_blank\" rel=\"noopener\">resultaat<\/a>\u00a0@swissskiteam\ud83e\udd47<\/p>\n<p>11.02.2026 | Bormio (ITA) | Super-G | Start: 11:30 |\u00a0<a href=\"https:\/\/www.fis-ski.com\/DB\/general\/results.html?sectorcode=AL&amp;raceid=127543\" target=\"_blank\" rel=\"noopener\">resultaat<\/a>\u00a0@franjo_v_allmen \ud83e\udd47<\/p>\n<p>14.02.2026 | Bormio (ITA) | Reuzenslalom | Start: 10:00 + 13:30 |\u00a0<a href=\"https:\/\/www.fis-ski.com\/DB\/general\/results.html?sectorcode=AL&amp;raceid=127544\" target=\"_blank\" rel=\"noopener\">resultaat<\/a>\u00a0@pinheiiiroo\ud83e\udd47<\/p>\n<p>16.02.2026 | Bormio (ITA) | Slalom | Start: 10:00 + 13:30 |\u00a0<a href=\"https:\/\/www.fis-ski.com\/DB\/general\/results.html?sectorcode=AL&amp;raceid=127545\" target=\"_blank\" rel=\"noopener\">resultaat<\/a>\u00a0@loicmeillard \ud83e\udd47<\/p>\n\n<p>28.02.2026 | Garmisch-Partenkirchen (GER) | Afdaling | Start: 11:45 |\u00a0<a href=\"https:\/\/www.fis-ski.com\/DB\/general\/results.html?sectorcode=AL&amp;raceid=127407\" target=\"_blank\" rel=\"noopener\">resultaat<\/a>\u00a0@marcoodermatt<\/p>\n<h4>Maart 2026<\/h4>\n<p>01.03.2026 | Garmisch-Partenkirchen (GER) | Super-G | Start: 11:45 | geannuleerd<\/p>\n<p>07.03.2026 | Kranjska Gora (SLO) | Reuzenslalom | Start: 09:30 + 12:30 |\u00a0<a href=\"https:\/\/www.fis-ski.com\/DB\/general\/results.html?sectorcode=AL&amp;raceid=127419\" target=\"_blank\" rel=\"noopener\">resultaat<\/a>\u00a0@pinheiiiroo<\/p>\n<p>08.03.2026 | Kranjska Gora (SLO) | Slalom | Start: 09:30 + 12:30 |\u00a0<a href=\"https:\/\/www.fis-ski.com\/DB\/general\/results.html?sectorcode=AL&amp;raceid=127420\" target=\"_blank\" rel=\"noopener\">resultaat<\/a>\u00a0@atleliemcgrath<\/p>\n<p>14.03.2026 | <a href=\"https:\/\/nl.snowell.com\/skiverhuur\/frankrijk\/rhone-alpes\/savoie\/courchevel-1650\/\" target=\"_blank\" rel=\"noopener\">Courchevel<\/a> (FRA) | Afdaling | Start: 11:00 |\u00a0<a href=\"https:\/\/www.fis-ski.com\/DB\/general\/results.html?sectorcode=AL&amp;raceid=127424\" target=\"_blank\" rel=\"noopener\">resultaat<\/a>\u00a0@vincent__kriechmayr<\/p>\n<p>15.03.2026 | <a href=\"https:\/\/nl.snowell.com\/skiverhuur\/frankrijk\/rhone-alpes\/savoie\/courchevel-1850\/\" target=\"_blank\" rel=\"noopener\">Courchevel<\/a> (FRA) | Super-G | Start: 11:00 | geannuleerd<\/p>\n<h4>FIS Wereldbeker Alpineski\u00ebn Finale 2025 | Lillehammer (FIN)<\/h4>\n<p>21.03.2026 | Kvitfjell (NOR) | Afdaling | Start: 10:45 |\u00a0<a href=\"https:\/\/www.fis-ski.com\/DB\/general\/results.html?sectorcode=AL&amp;raceid=127433\" target=\"_blank\" rel=\"noopener\">resultaat<\/a>\u00a0@dominikparis<\/p>\n<p>22.03.2026 | Kvitfjell (NOR) | Super-G | Start: 12:15 |\u00a0<a href=\"https:\/\/www.fis-ski.com\/DB\/general\/results.html?sectorcode=AL&amp;raceid=127435\" target=\"_blank\" rel=\"noopener\">resultaat<\/a>\u00a0@dominikparis<\/p>\n<p>24.03.2026 | Hafjell (NOR) | Reuzenslalom | Start: 09:30 + 12:30 |\u00a0<a href=\"https:\/\/www.fis-ski.com\/DB\/general\/results.html?sectorcode=AL&amp;raceid=127436\" target=\"_blank\" rel=\"noopener\">resultaat<\/a>\u00a0@pinheiiiroo<\/p>\n<p>25.03.2026 | Hafjell (NOR) | Slalom | Start: 10:30 + 13:30 |\u00a0<a href=\"https:\/\/www.fis-ski.com\/DB\/general\/results.html?sectorcode=AL&amp;raceid=127439\" target=\"_blank\" rel=\"noopener\">resultaat<\/a>\u00a0@timonhaugan<\/p>\n<p>Opmerking: wijzigingen voorbehouden. De aanvangstijden zijn volgens de Midden-Europese tijdzone (CET).[\/vc_column_text][\/vc_accordion_tab][vc_accordion_tab gutter_size=&#8221;2&#8243; column_padding=&#8221;2&#8243; title=&#8221;Wereldbeker Alpineski\u00ebn 2025\/2026 | Vrouwen \ud83d\udcc5 data &#038; resultaten \ud83c\udfc6&#8221; tab_id=&#8221;1761159713-2-10&#8243;][vc_column_text uncode_shortcode_id=&#8221;452151&#8243;]<\/p>\n<h3>FIS Wereldbeker Alpineski\u00ebn | Vrouwen | 2025\/2026<\/h3>\n<p><\/p>\n<h4>Oktober 2025<\/h4>\n<p>25.10.2025 | S\u00f6lden (AUT) | Reuzenslalom | Start: 10:00 + 13:00 |\u00a0<a href=\"https:\/\/www.fis-ski.com\/DB\/general\/results.html?sectorcode=AL&amp;raceid=127331\" target=\"_blank\" rel=\"noopener\">resultaat<\/a>\u00a0@julia.scheib<\/p>\n<h4>November 2025<\/h4>\n<p>15.11.2025 | Levi (FIN) | Slalom | Start: 10:00 + 13:00 |\u00a0<a href=\"https:\/\/www.fis-ski.com\/DB\/general\/results.html?sectorcode=AL&amp;raceid=127333\" target=\"_blank\" rel=\"noopener\">resultaat<\/a>\u00a0@mikaelashiffrin<\/p>\n<p>23.11.2025 | Gurgl (AUT) | Slalom | Start: 10:30 + 13:30 |\u00a0<a href=\"https:\/\/www.fis-ski.com\/DB\/general\/results.html?sectorcode=AL&amp;raceid=127336\" target=\"_blank\" rel=\"noopener\">resultaat<\/a>\u00a0@mikaelashiffrin<\/p>\n<p>29.11.2025 | Copper Mountain (USA) | Reuzenslalom | Start: 18:00 + 21:00 |\u00a0<a href=\"https:\/\/www.fis-ski.com\/DB\/general\/results.html?sectorcode=AL&amp;raceid=127442\" target=\"_blank\" rel=\"noopener\">resultaat<\/a>\u00a0@alicerobins0n<\/p>\n<p>23.11.2025 | Copper Mountain (USA) | Slalom | Start: 18:00 + 21:00 |\u00a0<a href=\"https:\/\/www.fis-ski.com\/DB\/general\/results.html?sectorcode=AL&amp;raceid=127443\" target=\"_blank\" rel=\"noopener\">resultaat<\/a>\u00a0@mikaelashiffrin<\/p>\n<h4>December 2025<\/h4>\n<p>06.12.2025 | Tremblant (CAN) | Reuzenslalom | Start: 17:00 + 20:00 |\u00a0<a href=\"https:\/\/www.fis-ski.com\/DB\/general\/results.html?sectorcode=AL&amp;raceid=127343\" target=\"_blank\" rel=\"noopener\">resultaat<\/a>\u00a0@alicerobins0n<\/p>\n<p>07.12.2025 | Tremblant (CAN) | Reuzenslalom | Start: 16:00 + 19:00 |\u00a0<a href=\"https:\/\/www.fis-ski.com\/DB\/general\/results.html?sectorcode=AL&amp;raceid=127344\" target=\"_blank\" rel=\"noopener\">resultaat<\/a>\u00a0@julia.scheib<\/p>\n<p>12.12.2025 | <a href=\"https:\/\/nl.snowell.com\/skiverhuur\/zwitserland\/graubuenden\/regio-graubuenden\/st-moritz\/\" target=\"_blank\" rel=\"noopener\">St. Moritz<\/a> (SUI) | Abfahrt | Start: 10:15 |\u00a0<a href=\"https:\/\/www.fis-ski.com\/DB\/general\/results.html?sectorcode=AL&amp;raceid=127347\" target=\"_blank\" rel=\"noopener\">resultaat<\/a>\u00a0@lindseyvonn<\/p>\n<p>13.12.2025 | St. Moritz (SUI) | Afdaling\u00a0| Start: 10:45 |\u00a0<a href=\"https:\/\/www.fis-ski.com\/DB\/general\/results.html?sectorcode=AL&amp;raceid=127348\" target=\"_blank\" rel=\"noopener\">resultaat<\/a>\u00a0@emmaaicher<\/p>\n<p>14.12.2025 | St. Moritz (SUI) | Super-G | Start: 10:45 |\u00a0<a href=\"https:\/\/www.fis-ski.com\/DB\/general\/results.html?sectorcode=AL&amp;raceid=127349\" target=\"_blank\" rel=\"noopener\">resultaat<\/a>\u00a0@alicerobins0n<\/p>\n<p>16.12.2025 | Courchevel (FRA) | Slalom | Start: 17:45 + 20:45 |\u00a0<a href=\"https:\/\/www.fis-ski.com\/DB\/general\/results.html?sectorcode=AL&amp;raceid=127352\" target=\"_blank\" rel=\"noopener\">resultaat<\/a>\u00a0@mikaelashiffrin<\/p>\n<p>20.12.2025 | <a href=\"https:\/\/nl.snowell.com\/skiverhuur\/frankrijk\/rhone-alpes\/savoie\/val-d-isere\/\" target=\"_blank\" rel=\"noopener\">Val d\u2019Is\u00e8re<\/a> (FRA) | Afdaling\u00a0| Start: 10:30 |\u00a0<a href=\"https:\/\/www.fis-ski.com\/DB\/general\/results.html?sectorcode=AL&amp;raceid=127360\" target=\"_blank\" rel=\"noopener\">resultaat<\/a>\u00a0@connyhuetter<\/p>\n<p>21.12.2025 | Val d\u2019Is\u00e8re (FRA) | Super-G | Start: 11:00 |\u00a0<a href=\"https:\/\/www.fis-ski.com\/DB\/general\/results.html?sectorcode=AL&amp;raceid=127361\" target=\"_blank\" rel=\"noopener\">resultaat<\/a>\u00a0@sofia.goggia<\/p>\n<p>27.12.2025 | Semmering (AUT) | Reuzenslalom | Start: 10:00 + 13:00 |\u00a0<a href=\"https:\/\/www.fis-ski.com\/DB\/general\/results.html?sectorcode=AL&amp;raceid=127365\" target=\"_blank\" rel=\"noopener\">resultaat<\/a>\u00a0@julia.scheib<\/p>\n<p>28.12.2025 | Semmering (AUT) | Slalom | Start: 14:15 + 17:45 |\u00a0<a href=\"https:\/\/www.fis-ski.com\/DB\/general\/results.html?sectorcode=AL&amp;raceid=127366\" target=\"_blank\" rel=\"noopener\">resultaat<\/a>\u00a0@mikaelashiffrin<\/p>\n<h4>Januari 2026<\/h4>\n<p>03.01.2026 | Kranjska Gora (SLO) | Reuzenslalom | Start: 10:00 + 13:00 |\u00a0<a href=\"https:\/\/www.fis-ski.com\/DB\/general\/results.html?sectorcode=AL&amp;raceid=127367\" target=\"_blank\" rel=\"noopener\">resultaat<\/a>\u00a0@camille_rast<\/p>\n<p>04.01.2026 | Kranjska Gora (SLO) | Slalom | Start: 09:30 + 12:15 |\u00a0<a href=\"https:\/\/www.fis-ski.com\/DB\/general\/results.html?sectorcode=AL&amp;raceid=127368\" target=\"_blank\" rel=\"noopener\">resultaat<\/a>\u00a0@camille_rast<\/p>\n<p>10.01.2026 | <a href=\"https:\/\/nl.snowell.com\/skiverhuur\/oostenrijk\/salzburg\/salzburger-sportwelt\/zauchensee\/\" target=\"_blank\" rel=\"noopener\">Zauchensee<\/a> (AUT) | Afdaling\u00a0| Start: 11:30 |\u00a0<a href=\"https:\/\/www.fis-ski.com\/DB\/general\/results.html?sectorcode=AL&amp;raceid=127372\" target=\"_blank\" rel=\"noopener\">resultaat<\/a>\u00a0@lindseyvonn<\/p>\n<p>11.01.2026 | Zauchensee (AUT) | Super-G | Start: 12:00 | afgezegd<\/p>\n<p>13.01.2026 | <a href=\"https:\/\/nl.snowell.com\/skiverhuur\/oostenrijk\/salzburg\/salzburger-sportwelt\/flachau\/\" target=\"_blank\" rel=\"noopener\">Flachau<\/a> (AUT) | Slalom | Start: 17:45 + 20:45 |\u00a0<a href=\"https:\/\/www.fis-ski.com\/DB\/general\/results.html?sectorcode=AL&amp;raceid=127376\" target=\"_blank\" rel=\"noopener\">resultaat<\/a>\u00a0@mikaelashiffrin<\/p>\n<p>17.01.2026 | Tarvisio (ITA) | Afdaling | Start: 10:45 |\u00a0<a href=\"https:\/\/www.fis-ski.com\/DB\/general\/results.html?sectorcode=AL&amp;raceid=127385\" target=\"_blank\" rel=\"noopener\">resultaat<\/a>\u00a0@nicol_delago<\/p>\n<p>18.01.2026 | Tarvisio (ITA) | Super-G | Start: 11:00 |\u00a0<a href=\"https:\/\/www.fis-ski.com\/DB\/general\/results.html?sectorcode=AL&amp;raceid=127386\" target=\"_blank\" rel=\"noopener\">resultaat<\/a>\u00a0@emmaaicher<\/p>\n<p>20.01.2026 | <a href=\"https:\/\/nl.snowell.com\/skiverhuur\/italie\/zuid-tirol-trentino\/kronplatz-plan-de-corones\/bruneck-reischach\/\" target=\"_blank\" rel=\"noopener\">Kronplatz<\/a> (ITA) | Reuzenslalom | Start: 10:30 + 13:30 |\u00a0<a href=\"https:\/\/www.fis-ski.com\/DB\/general\/results.html?sectorcode=AL&amp;raceid=127387\" target=\"_blank\" rel=\"noopener\">resultaat<\/a>\u00a0@julia.scheib<\/p>\n<p>24.01.2026 | <a href=\"https:\/\/nl.snowell.com\/skiverhuur\/tsjechie\/hradec-kralove-kralovehradecky-kraj\/reuzengebergte-krkonose\/spindleruv-mlyn\/\" target=\"_blank\" rel=\"noopener\">\u0160pindler\u016fv Ml\u00fdn<\/a> (CZE) | Reuzenslalom | Start: 10:00 + 13:30 |\u00a0<a href=\"https:\/\/www.fis-ski.com\/DB\/general\/results.html?sectorcode=AL&amp;raceid=127394\" target=\"_blank\" rel=\"noopener\">resultaat<\/a>\u00a0@sarahector<\/p>\n<p>25.01.2026 | \u0160pindler\u016fv Ml\u00fdn | Slalom | Start: 09:30 + 12:15 |\u00a0<a href=\"https:\/\/www.fis-ski.com\/DB\/general\/results.html?sectorcode=AL&amp;raceid=127395\" target=\"_blank\" rel=\"noopener\">resultaat<\/a>\u00a0@mikaelashiffrin<\/p>\n<p>30.01.2026 | <a href=\"https:\/\/nl.snowell.com\/skiverhuur\/zwitserland\/wallis\/regio-wallis\/crans-montana\/\" target=\"_blank\" rel=\"noopener\">Crans Montana<\/a> (SUI) | Afdaling | Start: 10:00 | afgezegd<\/p>\n<p>31.01.2026 | Crans Montana (SUI) | Super-G | Start: 11:00 |\u00a0<a href=\"https:\/\/www.fis-ski.com\/DB\/general\/results.html?sectorcode=AL&amp;raceid=127402\" target=\"_blank\" rel=\"noopener\">resultaat<\/a>\u00a0@blancmalo<\/p>\n<h4>Februari 2026<\/h4>\n<p><\/p>\n<h4>Olympische Spelen 2026 | Milaan &amp; Cortina d&#8217;Ampezzo (ITA)<\/h4>\n<p>08.02.2026 | Cortina d\u2019Ampezzo (ITA) | Afdaling | Start: 11:30 |\u00a0<a href=\"https:\/\/www.fis-ski.com\/DB\/general\/results.html?sectorcode=AL&amp;raceid=127535\" target=\"_blank\" rel=\"noopener\">resultaat<\/a>\u00a0@breezyjohnsonski \ud83e\udd47<\/p>\n<p>10.02.2026 | Cortina d\u2019Ampezzo (ITA) | Team-Kombi | Start: 10:30 + 14:00 |\u00a0<a href=\"https:\/\/www.fis-ski.com\/DB\/general\/results.html?sectorcode=AL&amp;raceid=127537\" target=\"_blank\" rel=\"noopener\">resultaat<\/a>\u00a0@ski_austria_alpin_damen \ud83e\udd47<\/p>\n<p>12.02.2026 | Cortina d\u2019Ampezzo (ITA) | Super-G | Start: 11:30 |\u00a0<a href=\"https:\/\/www.fis-ski.com\/DB\/general\/results.html?sectorcode=AL&amp;raceid=127538\" target=\"_blank\" rel=\"noopener\">resultaat<\/a>\u00a0@federicabrignone \ud83e\udd47<\/p>\n<p>15.02.2026 | Cortina d\u2019Ampezzo (ITA) | Reuzenslalom | Start: 10:00 + 13:30 |\u00a0<a href=\"https:\/\/www.fis-ski.com\/DB\/general\/results.html?sectorcode=AL&amp;raceid=127539\" target=\"_blank\" rel=\"noopener\">resultaat<\/a>\u00a0@federicabrignone \ud83e\udd47<\/p>\n<p>18.02.2026 | Cortina d\u2019Ampezzo (ITA) | Slalom | Start: 10:00 + 13:30 |\u00a0<a href=\"https:\/\/www.fis-ski.com\/DB\/general\/results.html?sectorcode=AL&amp;raceid=127540\" target=\"_blank\" rel=\"noopener\">resultaat<\/a>\u00a0@mikaelashiffrin \ud83e\udd47<\/p>\n\n<p>28.02.2026 | Soldeu (AND) | Afdaling | Start: 10:15 \u00a0| <a href=\"https:\/\/www.fis-ski.com\/DB\/general\/results.html?sectorcode=AL&amp;raceid=127412\" target=\"_blank\" rel=\"noopener\">resultaat<\/a>\u00a0@corinnesuter_official<\/p>\n<h4>Maart 2026<\/h4>\n<p>01.03.2026 | Soldeu (AND) | Super-G | Start: 10:15 | <a href=\"https:\/\/www.fis-ski.com\/DB\/general\/results.html?sectorcode=AL&amp;raceid=127373\" target=\"_blank\" rel=\"noopener\">resultaat<\/a> @sofia.goggia<\/p>\n<p>06.03.2026 |\u00a0<a href=\"https:\/\/www.snowell.com\/skiverleih\/italien\/trentino-suedtirol\/fassatal-val-di-fassa\/canazei\/\" target=\"_blank\" rel=\"noopener\">Val di Fassa &#8211; Canazei<\/a> (ITA) | Afdaling | Start: 11:30 | <a href=\"https:\/\/www.fis-ski.com\/DB\/general\/results.html?sectorcode=AL&amp;raceid=127400\" target=\"_blank\" rel=\"noopener\">resultaat<\/a>\u00a0@lollipirovano<\/p>\n<p>07.03.2026 | Val di Fassa &#8211; Canazei (ITA) | Afdaling | Start: 10:45 |\u00a0<a href=\"https:\/\/www.fis-ski.com\/DB\/general\/results.html?sectorcode=AL&amp;raceid=127417\" target=\"_blank\" rel=\"noopener\">resultaat<\/a>\u00a0@lollipirovano<\/p>\n<p>08.03.2026 | Val di Fassa &#8211; Canazei (ITA) | Super-G | Start: 10:45 |\u00a0<a href=\"https:\/\/www.fis-ski.com\/DB\/general\/results.html?sectorcode=AL&amp;raceid=127418\" target=\"_blank\" rel=\"noopener\">resultaat<\/a>\u00a0@elenacurtoni<\/p>\n<p>14.03.2026 | \u00c5re (SWE) | Reuzenslalom | Start: 10:00 + 13:00 |\u00a0<a href=\"https:\/\/www.fis-ski.com\/DB\/general\/results.html?sectorcode=AL&amp;raceid=127426\" target=\"_blank\" rel=\"noopener\">resultaat<\/a>\u00a0@julia.scheib<\/p>\n<p>15.03.2026 | \u00c5re (SWE) | Slalom | Start: 09:30 + 12:30 |\u00a0<a href=\"https:\/\/www.fis-ski.com\/DB\/general\/results.html?sectorcode=AL&amp;raceid=127427\" target=\"_blank\" rel=\"noopener\">resultaat<\/a>\u00a0@mikaelashiffrin<\/p>\n<h4>FIS Wereldbeker Alpineski\u00ebn Finale 2025 | Lillehammer (FIN)<\/h4>\n<p>21.03.2026 | Kvitfjell (NOR) | Afdaling | Start: 12:30 |\u00a0<a href=\"https:\/\/www.fis-ski.com\/DB\/general\/results.html?sectorcode=AL&amp;raceid=127432\" target=\"_blank\" rel=\"noopener\">resultaat<\/a>\u00a0@lollipirovano<\/p>\n<p>22.03.2026 | Kvitfjell (NOR) | Super-G | Start: 10:45 |\u00a0<a href=\"https:\/\/www.fis-ski.com\/DB\/general\/results.html?sectorcode=AL&amp;raceid=127434\" target=\"_blank\" rel=\"noopener\">resultaat<\/a>\u00a0@sofia.goggia<\/p>\n<p>24.03.2026 | Hafjell (NOR) | Slalom | Start: 10:30 + 13:30 |\u00a0<a href=\"https:\/\/www.fis-ski.com\/DB\/general\/results.html?sectorcode=AL&amp;raceid=127437\" target=\"_blank\" rel=\"noopener\">resultaat<\/a>\u00a0@mikaelashiffrin<\/p>\n<p>25.03.2026 | Hafjell (NOR) | Reuzenslalom | Start: 09:30 + 12:30 |\u00a0<a href=\"https:\/\/www.fis-ski.com\/DB\/general\/results.html?sectorcode=AL&amp;raceid=127438\" target=\"_blank\" rel=\"noopener\">resultaat<\/a>\u00a0@valeriegrenier<\/p>\n<p>Opmerking: wijzigingen voorbehouden. De aanvangstijden zijn volgens de Midden-Europese tijdzone (CET).[\/vc_column_text][\/vc_accordion_tab][\/vc_accordion][\/vc_column][\/vc_row][vc_row][vc_column width=&#8221;1\/1&#8243;][vc_column_text uncode_shortcode_id=&#8221;119588&#8243;]<\/p>\n<h3 id=\"anker3\">Klassementen overall Wereldbeker, disciplines en merken<\/h3>\n<p>Wie wint dit jaar de race om de felbegeerde kristallen bollen? Blijf op de hoogte van het klassement in de overall wereldbeker en in de individuele disciplines. Hier vindt u de links naar de huidige FIS-ranking en de merk klassementen.[\/vc_column_text][vc_accordion][vc_accordion_tab gutter_size=&#8221;2&#8243; column_padding=&#8221;2&#8243; title=&#8221;FIS Wereldbeker Alpineski\u00ebn 2025\/2026 | Mannen \ud83c\udfc6 Klassement&#8221; tab_id=&#8221;1761159713-1-24&#8243;][vc_column_text uncode_shortcode_id=&#8221;583536&#8243;]<a href=\"https:\/\/www.fis-ski.com\/DB\/alpine-skiing\/cup-standings.html?sectorcode=AL&amp;seasoncode=2026&amp;cupcode=WC&amp;disciplinecode=ALL&amp;gendercode=M\" target=\"_blank\" rel=\"noopener\">Overall Wereldbeker 2025\/2026 | Mannen<\/a> @marcoodermatt \ud83c\udfc6<\/p>\n<p><a href=\"https:\/\/www.fis-ski.com\/DB\/alpine-skiing\/cup-standings.html?sectorcode=AL&amp;seasoncode=2026&amp;cupcode=WC&amp;disciplinecode=DH&amp;gendercode=M&amp;nationcode=\" target=\"_blank\" rel=\"noopener\">Afdaling 2025\/2026 | Mannen<\/a> @marcoodermatt\ud83c\udfc6<\/p>\n<p><a href=\"https:\/\/www.fis-ski.com\/DB\/alpine-skiing\/cup-standings.html?sectorcode=AL&amp;seasoncode=2026&amp;cupcode=WC&amp;disciplinecode=SL&amp;gendercode=M&amp;nationcode=\" target=\"_blank\" rel=\"noopener\">Slalom 2025\/2026 | Mannen<\/a> @atleliemcgrath \ud83c\udfc6<\/p>\n<p><a href=\"https:\/\/www.fis-ski.com\/DB\/alpine-skiing\/cup-standings.html?sectorcode=AL&amp;seasoncode=2026&amp;cupcode=WC&amp;disciplinecode=GS&amp;gendercode=M&amp;nationcode=\" target=\"_blank\" rel=\"noopener\">Reuzenslalom 2025\/2026 | Mannen<\/a> @pinheiiiroo \ud83c\udfc6<\/p>\n<p><a href=\"https:\/\/www.fis-ski.com\/DB\/alpine-skiing\/cup-standings.html?sectorcode=AL&amp;seasoncode=2026&amp;cupcode=WC&amp;disciplinecode=SG&amp;gendercode=M&amp;nationcode=\" target=\"_blank\" rel=\"noopener\">Super-G 2025\/2026 | Mannen<\/a>\u00a0@marcoodermatt \ud83c\udfc6[\/vc_column_text][\/vc_accordion_tab][vc_accordion_tab gutter_size=&#8221;2&#8243; column_padding=&#8221;2&#8243; title=&#8221;FIS Wereldbeker Alpineski\u00ebn 2025\/2026 | Vrouwen \ud83c\udfc6 Klassement&#8221; tab_id=&#8221;1761317702767-2-4&#8243;][vc_column_text uncode_shortcode_id=&#8221;206493&#8243;]<a href=\"https:\/\/www.fis-ski.com\/DB\/alpine-skiing\/cup-standings.html?sectorcode=AL&amp;seasoncode=2026&amp;cupcode=WC&amp;disciplinecode=ALL&amp;gendercode=W&amp;nationcode=\" target=\"_blank\" rel=\"noopener\">Overall Wereldbeker 2025\/2026 | Vrouwen<\/a> @mikaelashiffrin \ud83c\udfc6<\/p>\n<p><a href=\"https:\/\/www.fis-ski.com\/DB\/alpine-skiing\/cup-standings.html?sectorcode=AL&amp;seasoncode=2026&amp;cupcode=WC&amp;disciplinecode=DH&amp;gendercode=W&amp;nationcode=\" target=\"_blank\" rel=\"noopener\">Afdaling 2025\/2026 | Vrouwen<\/a> @lollipirovano \ud83c\udfc6<\/p>\n<p><a href=\"https:\/\/www.fis-ski.com\/DB\/alpine-skiing\/cup-standings.html?sectorcode=AL&amp;seasoncode=2026&amp;cupcode=WC&amp;disciplinecode=SL&amp;gendercode=W&amp;nationcode=&quot;\" target=\"_blank\" rel=\"noopener\">Slalom 2025\/2026 | Vrouwen<\/a> @mikaelashiffrin \ud83c\udfc6<\/p>\n<p><a href=\"https:\/\/www.fis-ski.com\/DB\/alpine-skiing\/cup-standings.html?sectorcode=AL&amp;seasoncode=2026&amp;cupcode=WC&amp;disciplinecode=GS&amp;gendercode=W&amp;nationcode=&quot;\" target=\"_blank\" rel=\"noopener\">Reuzenslalom 2025\/2026 | Vrouwen<\/a> @julia.scheib\ud83c\udfc6<\/p>\n<p><a href=\"https:\/\/www.fis-ski.com\/DB\/alpine-skiing\/cup-standings.html?sectorcode=AL&amp;seasoncode=2026&amp;cupcode=WC&amp;disciplinecode=SG&amp;gendercode=W&amp;nationcode=\" target=\"_blank\" rel=\"noopener\">Super-G 2025\/2026 | Vrouwen<\/a> @iamsofiagoggia \ud83c\udfc6[\/vc_column_text][\/vc_accordion_tab][vc_accordion_tab gutter_size=&#8221;2&#8243; column_padding=&#8221;2&#8243; title=&#8221;Wereldbeker merken 2025\/2026&#8243; tab_id=&#8221;1761160260136-2-0&#8243;][vc_column_text uncode_shortcode_id=&#8221;106395&#8243;]<a href=\"https:\/\/www.fis-ski.com\/DB\/alpine-skiing\/brand-ranking.html?sectorcode=AL&amp;seasoncode=2026&amp;disciplinecode=ALL&amp;gendercode=A\" target=\"_blank\" rel=\"noopener\">Overall Wereldbeker merken 2025\/2026<\/a> @head_ski \ud83c\udfc6<\/p>\n<p><a href=\"https:\/\/www.fis-ski.com\/DB\/alpine-skiing\/brand-ranking.html?sectorcode=AL&amp;seasoncode=2026&amp;disciplinecode=ALL&amp;gendercode=M\" target=\"_blank\" rel=\"noopener\">Mannen Wereldbeker merken 2025\/2026<\/a> @head_ski \ud83c\udfc6<\/p>\n<p><a href=\"https:\/\/www.fis-ski.com\/DB\/alpine-skiing\/brand-ranking.html?sectorcode=AL&amp;seasoncode=2026&amp;disciplinecode=ALL&amp;gendercode=W\" target=\"_blank\" rel=\"noopener\">Vrouwen Wereldbeker merken 2025\/2026<\/a> @head_ski \ud83c\udfc6[\/vc_column_text][\/vc_accordion_tab][\/vc_accordion][\/vc_column][\/vc_row][vc_row][vc_column width=&#8221;1\/1&#8243;][vc_column_text uncode_shortcode_id=&#8221;272388&#8243;]<\/p>\n<h3 id=\"anker4\">Atleten en nationale ploegen<\/h3>\n<p>Wie zijn je favorieten onder de atleten? Behoort u tot de fanclub Brignone, Ljutic, Gut-Behrami, Goggia, Shiffrin, Rast, Vlhova, H\u00fctter, D\u00fcrr, Vonn, Odermatt, Kristoffersen, Braathen, Meillard, von Allmen, Schwarz, Kriechmayr, Strasser, Feller, Aleksander Aamodt Kilde of Marcel Hirscher? Wie er in de individuele landenploegen voor 2025\/2026 zitten, vindt je hier.[\/vc_column_text][vc_accordion][vc_accordion_tab gutter_size=&#8221;2&#8243; column_padding=&#8221;2&#8243; title=&#8221;AUT &#8211; Oostenrijk | Team \u00d6SV&#8221; tab_id=&#8221;1761160375-1-21&#8243;][vc_column_text uncode_shortcode_id=&#8221;565002&#8243;]<a href=\"https:\/\/www.skiaustria.at\/de\/teams?amp%3Bdivision[]=Ski+Alpin&amp;squad[]=Nationalteam&amp;division[]=Ski+Alpin\" target=\"_blank\" rel=\"noopener\">Team \u00d6SV 2025\/2026<\/a>[\/vc_column_text][\/vc_accordion_tab][vc_accordion_tab gutter_size=&#8221;2&#8243; column_padding=&#8221;2&#8243; title=&#8221;CAN &#8211; Canada | Team Alpine Canada&#8221; tab_id=&#8221;1761160375-2-2&#8243;][vc_column_text uncode_shortcode_id=&#8221;123731&#8243;]<a href=\"https:\/\/alpinecanada.org\/team\" target=\"_blank\" rel=\"noopener\">Team Alpine Canada 2025\/2026<\/a>[\/vc_column_text][\/vc_accordion_tab][vc_accordion_tab gutter_size=&#8221;2&#8243; column_padding=&#8221;2&#8243; title=&#8221;CRO &#8211; Kroati\u00eb | Team CroSki&#8221; tab_id=&#8221;1761160783250-2-4&#8243;][vc_column_text uncode_shortcode_id=&#8221;161653&#8243;]<a href=\"https:\/\/croski.hr\/national-teams\/\" target=\"_blank\" rel=\"noopener\">Team CroSki 2025\/2026<\/a>[\/vc_column_text][\/vc_accordion_tab][vc_accordion_tab gutter_size=&#8221;2&#8243; column_padding=&#8221;2&#8243; title=&#8221;CZE &#8211; Tsjechi\u00eb | Team Czech Ski&#8221; tab_id=&#8221;1761160947665-3-6&#8243;][vc_column_text uncode_shortcode_id=&#8221;136652&#8243;]<a href=\"https:\/\/www.czech-ski.com\/alpske-discipliny\" target=\"_blank\" rel=\"noopener\">Team Czech Ski 2025\/2026<\/a>[\/vc_column_text][\/vc_accordion_tab][vc_accordion_tab gutter_size=&#8221;2&#8243; column_padding=&#8221;2&#8243; title=&#8221;FRA &#8211; Frankrijk | Team FFS&#8221; tab_id=&#8221;1761161028297-4-4&#8243;][vc_column_text uncode_shortcode_id=&#8221;177586&#8243;]<a href=\"https:\/\/ffs.fr\/equipes-de-france\/\" target=\"_blank\" rel=\"noopener\">Team FFS 2025\/2026<\/a>[\/vc_column_text][\/vc_accordion_tab][vc_accordion_tab gutter_size=&#8221;2&#8243; column_padding=&#8221;2&#8243; title=&#8221;GBR &#8211; Groot-Brittanni\u00eb | Team GB&#8221; tab_id=&#8221;1761161090948-5-9&#8243;][vc_column_text uncode_shortcode_id=&#8221;143848&#8243;]<a href=\"https:\/\/www.teamgb.com\/sport\/alpine-skiing\/7pOT6ILQNJxS09c3K5OQgr\" target=\"_blank\" rel=\"noopener\">Team GB 2025\/2026<\/a>[\/vc_column_text][\/vc_accordion_tab][vc_accordion_tab gutter_size=&#8221;2&#8243; column_padding=&#8221;2&#8243; title=&#8221;GER &#8211; Duitsland | Team DSV&#8221; tab_id=&#8221;1761161286554-6-0&#8243;][vc_column_text uncode_shortcode_id=&#8221;379549&#8243;]<a href=\"https:\/\/www.deutscherskiverband.de\/ski-alpin\" target=\"_blank\" rel=\"noopener\">Team DSV 2025\/2026<\/a>[\/vc_column_text][\/vc_accordion_tab][vc_accordion_tab gutter_size=&#8221;2&#8243; column_padding=&#8221;2&#8243; title=&#8221;ITA &#8211; Itali\u00eb | Team FISI&#8221; tab_id=&#8221;1761161379272-7-5&#8243;][vc_column_text uncode_shortcode_id=&#8221;188722&#8243;]<a href=\"https:\/\/fisi.org\/sci-alpino\/atleti\/\" target=\"_blank\" rel=\"noopener\">Team FISI 2025\/2026<\/a>[\/vc_column_text][\/vc_accordion_tab][vc_accordion_tab gutter_size=&#8221;2&#8243; column_padding=&#8221;2&#8243; title=&#8221;NOR &#8211; Noorwegen | Team Norges Skiforbund&#8221; tab_id=&#8221;1761161473496-8-6&#8243;][vc_column_text uncode_shortcode_id=&#8221;370236&#8243;]<a href=\"https:\/\/www.skiforbundet.no\/alpint\/\" target=\"_blank\" rel=\"noopener\">Team Norges Skiforbund 2025\/2026<\/a>[\/vc_column_text][\/vc_accordion_tab][vc_accordion_tab gutter_size=&#8221;2&#8243; column_padding=&#8221;2&#8243; title=&#8221;SUI &#8211; Zwitserland | Team SwissSki&#8221; tab_id=&#8221;1761161540055-9-8&#8243;][vc_column_text uncode_shortcode_id=&#8221;141781&#8243;]<a href=\"https:\/\/www.swiss-ski.ch\/ski-alpin\/athletinnen\/\" target=\"_blank\" rel=\"noopener\">Team SwissSki 2025\/2026<\/a>[\/vc_column_text][\/vc_accordion_tab][vc_accordion_tab gutter_size=&#8221;2&#8243; column_padding=&#8221;2&#8243; title=&#8221;SVK &#8211; Slowakije | Team Slovensk\u00e1 ly\u017eiarska asoci\u00e1cia&#8221; tab_id=&#8221;1761161605831-10-8&#8243;][vc_column_text uncode_shortcode_id=&#8221;164155&#8243;]<a href=\"http:\/\/sloski.si\/alpsko-smucanje-ekipe-a-ekipe\/\" target=\"_blank\" rel=\"noopener\">Team Slovensk\u00e1 ly\u017eiarska asoci\u00e1cia 2025\/2026<\/a>[\/vc_column_text][\/vc_accordion_tab][vc_accordion_tab gutter_size=&#8221;2&#8243; column_padding=&#8221;2&#8243; title=&#8221;SWE &#8211; Zweden | Team Svenska Skidf\u00f6rbundet&#8221; tab_id=&#8221;1761161661903-11-2&#8243;][vc_column_text uncode_shortcode_id=&#8221;610522&#8243;]<a href=\"https:\/\/www.skidor.com\/idrotter\/alpint\" target=\"_blank\" rel=\"noopener\">Team Svenska Skidf\u00f6rbundet 2025\/2026<\/a>[\/vc_column_text][\/vc_accordion_tab][vc_accordion_tab gutter_size=&#8221;2&#8243; column_padding=&#8221;2&#8243; title=&#8221;USA &#8211; Verenigde Staten | Team U.S. Ski&#8221; tab_id=&#8221;1761161727047-12-1&#8243;][vc_column_text uncode_shortcode_id=&#8221;482936&#8243;]<a href=\"https:\/\/usskiandsnowboard.org\/alpine\" target=\"_blank\" rel=\"noopener\">Team U.S. Ski 2025\/2026<\/a>[\/vc_column_text][\/vc_accordion_tab][\/vc_accordion][\/vc_column][\/vc_row]<\/p>\n<\/div>","protected":false},"excerpt":{"rendered":"<p>[vc_row][vc_column width=&#8221;1\/1&#8243;][vc_column_text uncode_shortcode_id=&#8221;200108&#8243;] FIS Wereldbeker Alpineski\u00ebn 2025\/2026 &#8211; data &amp; locaties De Wereldbeker Alpineski\u00ebn begint met de reuzenslalom voor dames [&hellip;]<\/p>\n","protected":false},"author":3,"featured_media":6360,"comment_status":"closed","ping_status":"open","sticky":false,"template":"","format":"standard","meta":{"footnotes":""},"categories":[520],"tags":[193,500],"class_list":["post-6394","post","type-post","status-publish","format-standard","has-post-thumbnail","hentry","category-wintersporten","tag-snowell-tip","tag-wereldbeker-alpineskien"],"_links":{"self":[{"href":"https:\/\/nl.snowell.com\/ski-tips\/wp-json\/wp\/v2\/posts\/6394","targetHints":{"allow":["GET"]}}],"collection":[{"href":"https:\/\/nl.snowell.com\/ski-tips\/wp-json\/wp\/v2\/posts"}],"about":[{"href":"https:\/\/nl.snowell.com\/ski-tips\/wp-json\/wp\/v2\/types\/post"}],"author":[{"embeddable":true,"href":"https:\/\/nl.snowell.com\/ski-tips\/wp-json\/wp\/v2\/users\/3"}],"replies":[{"embeddable":true,"href":"https:\/\/nl.snowell.com\/ski-tips\/wp-json\/wp\/v2\/comments?post=6394"}],"version-history":[{"count":77,"href":"https:\/\/nl.snowell.com\/ski-tips\/wp-json\/wp\/v2\/posts\/6394\/revisions"}],"predecessor-version":[{"id":6904,"href":"https:\/\/nl.snowell.com\/ski-tips\/wp-json\/wp\/v2\/posts\/6394\/revisions\/6904"}],"wp:featuredmedia":[{"embeddable":true,"href":"https:\/\/nl.snowell.com\/ski-tips\/wp-json\/wp\/v2\/media\/6360"}],"wp:attachment":[{"href":"https:\/\/nl.snowell.com\/ski-tips\/wp-json\/wp\/v2\/media?parent=6394"}],"wp:term":[{"taxonomy":"category","embeddable":true,"href":"https:\/\/nl.snowell.com\/ski-tips\/wp-json\/wp\/v2\/categories?post=6394"},{"taxonomy":"post_tag","embeddable":true,"href":"https:\/\/nl.snowell.com\/ski-tips\/wp-json\/wp\/v2\/tags?post=6394"}],"curies":[{"name":"wp","href":"https:\/\/api.w.org\/{rel}","templated":true}]}}